{"id":765,"date":"2026-01-30T07:35:27","date_gmt":"2026-01-30T06:35:27","guid":{"rendered":"http:\/\/www.foerderverein-bc.de\/?p=765"},"modified":"2026-02-06T13:16:29","modified_gmt":"2026-02-06T12:16:29","slug":"cnc-drehen-programmierung-und-einrichtung-einer-cnc-drehmaschine-2749","status":"publish","type":"post","link":"https:\/\/www.foerderverein-bc.de\/index.php\/2026\/01\/30\/cnc-drehen-programmierung-und-einrichtung-einer-cnc-drehmaschine-2749\/","title":{"rendered":"Kindert\u00f6pferkurs  (9597)"},"content":{"rendered":"\n<ul class=\"wp-block-list\">\n<li>In diesem Kurs t\u00f6pfern die Kinder unter Anleitung und passend zur Jahreszeit. <br><br>Das entstandene Werkst\u00fcck wird gebrannt und kann nach Absprache abgeholt werden. <p><strong>Bitte mitbringen: Sch\u00fcrze oder Hemd<\/strong><\/p><\/li>\n<\/ul>\n\n\n\n<figure class=\"wp-block-table\"><table><tbody><tr><td>Fortbildungsbereich<\/td><td>Sonstige Kurse<\/td><\/tr><tr><td>Bezeichnung der Veranstaltung<\/td><td>Kindert\u00f6pferkurs <\/td><\/tr><tr><td>Kurs Nr.<\/td><td>9597<\/td><\/tr><tr><td>Referentin \/ Referent<\/td><td>Ulrike Jost, Technische Lehrerin <\/td><\/tr><tr><td>Ziele \/ Zielgruppen<\/td><td>Kinder ab 6 Jahren<\/td><\/tr><tr><td>Voraussetzungen zur Teilnahme<\/td><td>keine<\/td><\/tr><tr><td>Dauer<\/td><td>3 Unterrichtsstunden (1 Mittag)<\/td><\/tr><tr><td>Beginn \/ Ende<\/td><td>vsl. November 2026<\/td><\/tr><tr><td>Raum<\/td><td>135 im Kreis-Berufsschulzentrum Biberach,<br>Matthias-Erzberger-Schule, Leipzigstra\u00dfe 11,<br>88400 Biberach<\/td><\/tr><tr><td>Geb\u00fchr<\/td><td><strong>35 \u20ac (inkl. Materialkosten)<\/strong><\/td><\/tr><tr><td>W\u00f6chentliche Unterrichtszeit:<\/td><td><br><br><br><strong>von 15:00 Uhr bis 17:15 Uhr<\/strong> <p>&nbsp;<\/p> <\/td><\/tr><\/tbody><\/table><\/figure>\n\n\n\n<div class=\"wp-block-contact-form-7-contact-form-selector\">\n<div class=\"wpcf7 no-js\" id=\"wpcf7-f87-o1\" lang=\"de-DE\" dir=\"ltr\" data-wpcf7-id=\"87\">\n<div class=\"screen-reader-response\"><p role=\"status\" aria-live=\"polite\" aria-atomic=\"true\"><\/p> <ul><\/ul><\/div>\n<form action=\"\/index.php\/wp-json\/wp\/v2\/posts\/765#wpcf7-f87-o1\" method=\"post\" class=\"wpcf7-form init wpcf7-acceptance-as-validation\" aria-label=\"Kontaktformular\" novalidate=\"novalidate\" data-status=\"init\">\n<fieldset class=\"hidden-fields-container\"><input type=\"hidden\" name=\"_wpcf7\" value=\"87\" \/><input type=\"hidden\" name=\"_wpcf7_version\" value=\"6.1.5\" \/><input type=\"hidden\" name=\"_wpcf7_locale\" value=\"de_DE\" \/><input type=\"hidden\" name=\"_wpcf7_unit_tag\" value=\"wpcf7-f87-o1\" \/><input type=\"hidden\" name=\"_wpcf7_container_post\" value=\"0\" \/><input type=\"hidden\" name=\"_wpcf7_posted_data_hash\" value=\"\" \/>\n<\/fieldset>\n<h2>Anmeldung\n<\/h2>\n<p>Nachname (Pflichtfeld)\n<\/p>\n<p><span class=\"wpcf7-form-control-wrap\" data-name=\"your-name\"><input size=\"40\" maxlength=\"400\" class=\"wpcf7-form-control wpcf7-text wpcf7-validates-as-required\" aria-required=\"true\" aria-invalid=\"false\" value=\"\" type=\"text\" name=\"your-name\" \/><\/span>\n<\/p>\n<p>Vorname (Pflichtfeld)\n<\/p>\n<p><span class=\"wpcf7-form-control-wrap\" data-name=\"vorname\"><input size=\"40\" maxlength=\"400\" class=\"wpcf7-form-control wpcf7-text wpcf7-validates-as-required\" aria-required=\"true\" aria-invalid=\"false\" value=\"\" type=\"text\" name=\"vorname\" \/><\/span>\n<\/p>\n<p>Stra\u00dfe und Hausnummer (Pflichtfeld)\n<\/p>\n<p><span class=\"wpcf7-form-control-wrap\" data-name=\"adresse\"><input size=\"40\" maxlength=\"400\" class=\"wpcf7-form-control wpcf7-text wpcf7-validates-as-required\" aria-required=\"true\" aria-invalid=\"false\" value=\"\" type=\"text\" name=\"adresse\" \/><\/span>\n<\/p>\n<p>Plz und Ort (Pflichtfeld)\n<\/p>\n<p><span class=\"wpcf7-form-control-wrap\" data-name=\"plz\"><input size=\"40\" maxlength=\"400\" class=\"wpcf7-form-control wpcf7-text wpcf7-validates-as-required\" aria-required=\"true\" aria-invalid=\"false\" value=\"\" type=\"text\" name=\"plz\" \/><\/span>\n<\/p>\n<p>Telefon (Pflichtfeld)\n<\/p>\n<p><span class=\"wpcf7-form-control-wrap\" data-name=\"telefon\"><input size=\"40\" maxlength=\"400\" class=\"wpcf7-form-control wpcf7-text wpcf7-validates-as-required\" aria-required=\"true\" aria-invalid=\"false\" value=\"\" type=\"text\" name=\"telefon\" \/><\/span>\n<\/p>\n<p>Geburtsdatum (Pflichtfeld)\n<\/p>\n<p><span class=\"wpcf7-form-control-wrap\" data-name=\"geburtsdatum\"><input size=\"40\" maxlength=\"400\" class=\"wpcf7-form-control wpcf7-text wpcf7-validates-as-required\" aria-required=\"true\" aria-invalid=\"false\" value=\"\" type=\"text\" name=\"geburtsdatum\" \/><\/span>\n<\/p>\n<p>Beruf (Pflichtfeld)\n<\/p>\n<p><span class=\"wpcf7-form-control-wrap\" data-name=\"beruf\"><input size=\"40\" maxlength=\"400\" class=\"wpcf7-form-control wpcf7-text wpcf7-validates-as-required\" aria-required=\"true\" aria-invalid=\"false\" value=\"\" type=\"text\" name=\"beruf\" \/><\/span>\n<\/p>\n<p>Aus versicherungsrechtlichen Gr\u00fcnden bitten wir um die Beantwortung folgender Frage:<br \/>\nErfolgt die Kursteilnahme auf Veranlassung des Arbeitgebers?\n<\/p>\n<p><span class=\"wpcf7-form-control-wrap\" data-name=\"arbeitgeber\"><span class=\"wpcf7-form-control wpcf7-radio\"><span class=\"wpcf7-list-item first\"><input type=\"radio\" name=\"arbeitgeber\" value=\"ja\" \/><span class=\"wpcf7-list-item-label\">ja<\/span><\/span><span class=\"wpcf7-list-item last\"><input type=\"radio\" name=\"arbeitgeber\" value=\"nein\" checked=\"checked\" \/><span class=\"wpcf7-list-item-label\">nein<\/span><\/span><\/span><\/span>\n<\/p>\n<p>Ihre E-Mail-Adresse (Pflichtfeld)\n<\/p>\n<p><span class=\"wpcf7-form-control-wrap\" data-name=\"your-email\"><input size=\"40\" maxlength=\"400\" class=\"wpcf7-form-control wpcf7-email wpcf7-validates-as-required wpcf7-text wpcf7-validates-as-email\" aria-required=\"true\" aria-invalid=\"false\" value=\"\" type=\"email\" name=\"your-email\" \/><\/span>\n<\/p>\n<p class=\"datenschutz\"><br \/>\n<span class=\"wpcf7-form-control-wrap\" data-name=\"agb\"><span class=\"wpcf7-form-control wpcf7-acceptance\"><span class=\"wpcf7-list-item\"><label><input type=\"checkbox\" name=\"agb\" value=\"1\" aria-invalid=\"false\" \/><span class=\"wpcf7-list-item-label\">Ich habe die <a href=\"http:\/\/www.foerderverein-bc.de\/index.php\/uber-uns\/teilnahmebedingungen\"\/>AGBs<\/a> gelesen und stimme diesen zu..<\/span><\/label><\/span><\/span><\/span>\n<\/p>\n<p><strong>Datenschutz<\/strong>\n<\/p>\n<p><span class=\"wpcf7-form-control-wrap\" data-name=\"dsgvo\"><span class=\"wpcf7-form-control wpcf7-acceptance\"><span class=\"wpcf7-list-item\"><label><input type=\"checkbox\" name=\"dsgvo\" value=\"1\" aria-invalid=\"false\" \/><span class=\"wpcf7-list-item-label\">Ich stimme zu, dass meine Angaben aus dem Kontaktformular zur Kursanmeldung erhoben und verarbeitet werden. Die Daten werden f\u00fcr 1 Jahre gespeichert oder auf Wunsch gel\u00f6scht.\n Hinweis: Sie k\u00f6nnen Ihre Einwilligung jederzeit f\u00fcr die Zukunft per E-Mail an Yvonne.Richter@kas-bc.de widerrufen. Detaillierte Informationen zum Umgang mit Nutzerdaten finden Sie in unserer \n<a href=\"http:\/\/www.foerderverein-bc.de\/index.php\/datenschutz\/datenschutzerklaerung\/\">\nDatenschutzerkl\u00e4rung<\/a>.<\/span><\/label><\/span><\/span><\/span>\n<\/p>\n<p><span class=\"wpcf7-form-control-wrap\" data-name=\"quiz-422\"><label><span class=\"wpcf7-quiz-label\">Wie hei\u00dft die PLZ von Biberach?<\/span> <input size=\"40\" class=\"wpcf7-form-control wpcf7-quiz\" autocomplete=\"off\" aria-required=\"true\" aria-invalid=\"false\" type=\"text\" name=\"quiz-422\" \/><\/label><input type=\"hidden\" name=\"_wpcf7_quiz_answer_quiz-422\" value=\"bb9fb9ee37d048040c25142cff583143\" \/><\/span>\n<\/p>\n<p><input class=\"wpcf7-form-control wpcf7-submit has-spinner\" type=\"submit\" value=\"Senden\" \/>\n<\/p><p style=\"display: none !important;\" class=\"akismet-fields-container\" data-prefix=\"_wpcf7_ak_\"><label>&#916;<textarea name=\"_wpcf7_ak_hp_textarea\" cols=\"45\" rows=\"8\" maxlength=\"100\"><\/textarea><\/label><input type=\"hidden\" id=\"ak_js_1\" name=\"_wpcf7_ak_js\" value=\"133\"\/><script>document.getElementById( \"ak_js_1\" ).setAttribute( \"value\", ( new Date() ).getTime() );<\/script><\/p><div class=\"wpcf7-response-output\" aria-hidden=\"true\"><\/div>\n<\/form>\n<\/div>\n<\/div>\n","protected":false},"excerpt":{"rendered":"<p>Fortbildungsbereich Sonstige Kurse Bezeichnung der Veranstaltung Kindert\u00f6pferkurs Kurs Nr. 9597 Referentin \/ Referent Ulrike Jost, Technische Lehrerin Ziele \/ Zielgruppen Kinder ab 6 Jahren Voraussetzungen zur Teilnahme keine Dauer 3 Unterrichtsstunden (1 Mittag) Beginn \/<a class=\"read-more\" href=\"https:\/\/www.foerderverein-bc.de\/index.php\/2026\/01\/30\/cnc-drehen-programmierung-und-einrichtung-einer-cnc-drehmaschine-2749\/\">Weiterlesen<\/a><\/p>\n","protected":false},"author":3,"featured_media":0,"comment_status":"closed","ping_status":"closed","sticky":false,"template":"","format":"standard","meta":{"footnotes":""},"categories":[2,9],"tags":[],"class_list":["post-765","post","type-post","status-publish","format-standard","hentry","category-kurse","category-sonstige"],"_links":{"self":[{"href":"https:\/\/www.foerderverein-bc.de\/index.php\/wp-json\/wp\/v2\/posts\/765","targetHints":{"allow":["GET"]}}],"collection":[{"href":"https:\/\/www.foerderverein-bc.de\/index.php\/wp-json\/wp\/v2\/posts"}],"about":[{"href":"https:\/\/www.foerderverein-bc.de\/index.php\/wp-json\/wp\/v2\/types\/post"}],"author":[{"embeddable":true,"href":"https:\/\/www.foerderverein-bc.de\/index.php\/wp-json\/wp\/v2\/users\/3"}],"replies":[{"embeddable":true,"href":"https:\/\/www.foerderverein-bc.de\/index.php\/wp-json\/wp\/v2\/comments?post=765"}],"version-history":[{"count":21,"href":"https:\/\/www.foerderverein-bc.de\/index.php\/wp-json\/wp\/v2\/posts\/765\/revisions"}],"predecessor-version":[{"id":2551,"href":"https:\/\/www.foerderverein-bc.de\/index.php\/wp-json\/wp\/v2\/posts\/765\/revisions\/2551"}],"wp:attachment":[{"href":"https:\/\/www.foerderverein-bc.de\/index.php\/wp-json\/wp\/v2\/media?parent=765"}],"wp:term":[{"taxonomy":"category","embeddable":true,"href":"https:\/\/www.foerderverein-bc.de\/index.php\/wp-json\/wp\/v2\/categories?post=765"},{"taxonomy":"post_tag","embeddable":true,"href":"https:\/\/www.foerderverein-bc.de\/index.php\/wp-json\/wp\/v2\/tags?post=765"}],"curies":[{"name":"wp","href":"https:\/\/api.w.org\/{rel}","templated":true}]}}