{"id":640,"date":"2026-07-13T13:56:00","date_gmt":"2026-07-13T11:56:00","guid":{"rendered":"http:\/\/www.foerderverein-bc.de\/?p=640"},"modified":"2026-07-17T15:57:18","modified_gmt":"2026-07-17T13:57:18","slug":"word-2010-einsatz-im-bueroalltag-1816","status":"publish","type":"post","link":"https:\/\/www.foerderverein-bc.de\/index.php\/2026\/07\/13\/word-2010-einsatz-im-bueroalltag-1816\/","title":{"rendered":"Kindergeburtstag: Pizza backen (9622)"},"content":{"rendered":"\n<h3 class=\"wp-block-heading has-medium-font-size\"><strong>Kursbeschreibung:<br><\/strong>Der Tisch darf von der Mutter f\u00fcr den Kindergeburtstag im vorab dekoriert werden.<br>Die Geburtstagsgeschenke d\u00fcrfen vor oder nach dem Essen ausgepackt werden.<br>Die Kinder d\u00fcrfen bzgl. der Zutaten f\u00fcr den Belag der Pizza vorher angeben, was sie m\u00f6chten.<br>Jedes Kind darf dann seine eigene Pizza zubereiten.<\/h3>\n\n\n\n<figure class=\"wp-block-table\"><table><tbody><tr><td>Fortbildungsbereich<\/td><td>Sonstige Kurse<\/td><\/tr><tr><td>Bezeichnung der Veranstaltung<\/td><td>Kindergeburtstag: Pizza backen<\/td><\/tr><tr><td>Kurs Nr.<\/td><td>9622<\/td><\/tr><tr><td>Referentin \/ Referent<\/td><td>Frau Ulrike Jost, Frau Ulla Handel<br>Technische Lehrerinnen<\/td><\/tr><tr><td>Ziele \/ Zielgruppen<\/td><td>Interessierte  &nbsp;<span style=\"font-size: inherit; font-family: inherit; font-weight: inherit; color: initial;\"> <\/span><\/td><\/tr><tr><td>Voraussetzungen zur Teilnahme<\/td><td>keine<\/td><\/tr><tr><td>Dauer<\/td><td>3 &#8211; 4 Ustd. (\u00e1 45 min. &#8211; nach Absprache)<\/td><\/tr><tr><td>Beginn \/ Ende<\/td><td>Freitag Nachmittag oder Samstags &#8211; nach Absprache<\/td><\/tr><tr><td>Raum<\/td><td>K\u00fcche 246,  Matthias-Erzberger-Schule, Leipzigstra\u00dfe 11,<br>88400 Biberach<\/td><\/tr><tr><td>Gesamtkosten:<\/td><td>150 \u20ac &#8211; 180 \u20ac (inkl. Materialkosten) &#8211;<br>H\u00f6chstens 10 Teilnehmer<\/td><\/tr><tr><td><\/td><td><br><\/td><\/tr><\/tbody><\/table><\/figure>\n\n\n\n<div class=\"wp-block-contact-form-7-contact-form-selector\">\n<div class=\"wpcf7 no-js\" id=\"wpcf7-f87-o1\" lang=\"de-DE\" dir=\"ltr\" data-wpcf7-id=\"87\">\n<div class=\"screen-reader-response\"><p role=\"status\" aria-live=\"polite\" aria-atomic=\"true\"><\/p> <ul><\/ul><\/div>\n<form action=\"\/index.php\/wp-json\/wp\/v2\/posts\/640#wpcf7-f87-o1\" method=\"post\" class=\"wpcf7-form init wpcf7-acceptance-as-validation\" aria-label=\"Kontaktformular\" novalidate=\"novalidate\" data-status=\"init\">\n<fieldset class=\"hidden-fields-container\"><input type=\"hidden\" name=\"_wpcf7\" value=\"87\" \/><input type=\"hidden\" name=\"_wpcf7_version\" value=\"6.1.6\" \/><input type=\"hidden\" name=\"_wpcf7_locale\" value=\"de_DE\" \/><input type=\"hidden\" name=\"_wpcf7_unit_tag\" value=\"wpcf7-f87-o1\" \/><input type=\"hidden\" name=\"_wpcf7_container_post\" value=\"0\" \/><input type=\"hidden\" name=\"_wpcf7_posted_data_hash\" value=\"\" \/>\n<\/fieldset>\n<h2>Anmeldung\n<\/h2>\n<p>Nachname (Pflichtfeld)\n<\/p>\n<p><span class=\"wpcf7-form-control-wrap\" data-name=\"your-name\"><input size=\"40\" maxlength=\"400\" class=\"wpcf7-form-control wpcf7-text wpcf7-validates-as-required\" aria-required=\"true\" aria-invalid=\"false\" value=\"\" type=\"text\" name=\"your-name\" \/><\/span>\n<\/p>\n<p>Vorname (Pflichtfeld)\n<\/p>\n<p><span class=\"wpcf7-form-control-wrap\" data-name=\"vorname\"><input size=\"40\" maxlength=\"400\" class=\"wpcf7-form-control wpcf7-text wpcf7-validates-as-required\" aria-required=\"true\" aria-invalid=\"false\" value=\"\" type=\"text\" name=\"vorname\" \/><\/span>\n<\/p>\n<p>Stra\u00dfe und Hausnummer (Pflichtfeld)\n<\/p>\n<p><span class=\"wpcf7-form-control-wrap\" data-name=\"adresse\"><input size=\"40\" maxlength=\"400\" class=\"wpcf7-form-control wpcf7-text wpcf7-validates-as-required\" aria-required=\"true\" aria-invalid=\"false\" value=\"\" type=\"text\" name=\"adresse\" \/><\/span>\n<\/p>\n<p>Plz und Ort (Pflichtfeld)\n<\/p>\n<p><span class=\"wpcf7-form-control-wrap\" data-name=\"plz\"><input size=\"40\" maxlength=\"400\" class=\"wpcf7-form-control wpcf7-text wpcf7-validates-as-required\" aria-required=\"true\" aria-invalid=\"false\" value=\"\" type=\"text\" name=\"plz\" \/><\/span>\n<\/p>\n<p>Telefon (Pflichtfeld)\n<\/p>\n<p><span class=\"wpcf7-form-control-wrap\" data-name=\"telefon\"><input size=\"40\" maxlength=\"400\" class=\"wpcf7-form-control wpcf7-text wpcf7-validates-as-required\" aria-required=\"true\" aria-invalid=\"false\" value=\"\" type=\"text\" name=\"telefon\" \/><\/span>\n<\/p>\n<p>Geburtsdatum (Pflichtfeld)\n<\/p>\n<p><span class=\"wpcf7-form-control-wrap\" data-name=\"geburtsdatum\"><input size=\"40\" maxlength=\"400\" class=\"wpcf7-form-control wpcf7-text wpcf7-validates-as-required\" aria-required=\"true\" aria-invalid=\"false\" value=\"\" type=\"text\" name=\"geburtsdatum\" \/><\/span>\n<\/p>\n<p>Beruf (Pflichtfeld)\n<\/p>\n<p><span class=\"wpcf7-form-control-wrap\" data-name=\"beruf\"><input size=\"40\" maxlength=\"400\" class=\"wpcf7-form-control wpcf7-text wpcf7-validates-as-required\" aria-required=\"true\" aria-invalid=\"false\" value=\"\" type=\"text\" name=\"beruf\" \/><\/span>\n<\/p>\n<p>Aus versicherungsrechtlichen Gr\u00fcnden bitten wir um die Beantwortung folgender Frage:<br \/>\nErfolgt die Kursteilnahme auf Veranlassung des Arbeitgebers?\n<\/p>\n<p><span class=\"wpcf7-form-control-wrap\" data-name=\"arbeitgeber\"><span class=\"wpcf7-form-control wpcf7-radio\"><span class=\"wpcf7-list-item first\"><input type=\"radio\" name=\"arbeitgeber\" value=\"ja\" \/><span class=\"wpcf7-list-item-label\">ja<\/span><\/span><span class=\"wpcf7-list-item last\"><input type=\"radio\" name=\"arbeitgeber\" value=\"nein\" checked=\"checked\" \/><span class=\"wpcf7-list-item-label\">nein<\/span><\/span><\/span><\/span>\n<\/p>\n<p>Ihre E-Mail-Adresse (Pflichtfeld)\n<\/p>\n<p><span class=\"wpcf7-form-control-wrap\" data-name=\"your-email\"><input size=\"40\" maxlength=\"400\" class=\"wpcf7-form-control wpcf7-email wpcf7-validates-as-required wpcf7-text wpcf7-validates-as-email\" aria-required=\"true\" aria-invalid=\"false\" value=\"\" type=\"email\" name=\"your-email\" \/><\/span>\n<\/p>\n<p class=\"datenschutz\"><br \/>\n<span class=\"wpcf7-form-control-wrap\" data-name=\"agb\"><span class=\"wpcf7-form-control wpcf7-acceptance\"><span class=\"wpcf7-list-item\"><label><input type=\"checkbox\" name=\"agb\" value=\"1\" aria-invalid=\"false\" \/><span class=\"wpcf7-list-item-label\">Ich habe die <a href=\"http:\/\/www.foerderverein-bc.de\/index.php\/uber-uns\/teilnahmebedingungen\"\/>AGBs<\/a> gelesen und stimme diesen zu..<\/span><\/label><\/span><\/span><\/span>\n<\/p>\n<p><strong>Datenschutz<\/strong>\n<\/p>\n<p><span class=\"wpcf7-form-control-wrap\" data-name=\"dsgvo\"><span class=\"wpcf7-form-control wpcf7-acceptance\"><span class=\"wpcf7-list-item\"><label><input type=\"checkbox\" name=\"dsgvo\" value=\"1\" aria-invalid=\"false\" \/><span class=\"wpcf7-list-item-label\">Ich stimme zu, dass meine Angaben aus dem Kontaktformular zur Kursanmeldung erhoben und verarbeitet werden. Die Daten werden f\u00fcr 1 Jahre gespeichert oder auf Wunsch gel\u00f6scht.\n Hinweis: Sie k\u00f6nnen Ihre Einwilligung jederzeit f\u00fcr die Zukunft per E-Mail an Yvonne.Richter@kas-bc.de widerrufen. Detaillierte Informationen zum Umgang mit Nutzerdaten finden Sie in unserer \n<a href=\"http:\/\/www.foerderverein-bc.de\/index.php\/datenschutz\/datenschutzerklaerung\/\">\nDatenschutzerkl\u00e4rung<\/a>.<\/span><\/label><\/span><\/span><\/span>\n<\/p>\n<p><span class=\"wpcf7-form-control-wrap\" data-name=\"quiz-422\"><label><span class=\"wpcf7-quiz-label\">Wie hei\u00dft die PLZ von Biberach?<\/span> <input size=\"40\" class=\"wpcf7-form-control wpcf7-quiz\" autocomplete=\"off\" aria-required=\"true\" aria-invalid=\"false\" type=\"text\" name=\"quiz-422\" \/><\/label><input type=\"hidden\" name=\"_wpcf7_quiz_answer_quiz-422\" value=\"bb9fb9ee37d048040c25142cff583143\" \/><\/span>\n<\/p>\n<p><input class=\"wpcf7-form-control wpcf7-submit has-spinner\" type=\"submit\" value=\"Senden\" \/>\n<\/p><p style=\"display: none !important;\" class=\"akismet-fields-container\" data-prefix=\"_wpcf7_ak_\"><label>&#916;<textarea name=\"_wpcf7_ak_hp_textarea\" cols=\"45\" rows=\"8\" maxlength=\"100\"><\/textarea><\/label><input type=\"hidden\" id=\"ak_js_1\" name=\"_wpcf7_ak_js\" value=\"49\"\/><script>\ndocument.getElementById( \"ak_js_1\" ).setAttribute( \"value\", ( new Date() ).getTime() );\n<\/script>\n<\/p><div class=\"wpcf7-response-output\" aria-hidden=\"true\"><\/div>\n<\/form>\n<\/div>\n<\/div>\n","protected":false},"excerpt":{"rendered":"<p>Kursbeschreibung:Der Tisch darf von der Mutter f\u00fcr den Kindergeburtstag im vorab dekoriert werden.Die Geburtstagsgeschenke d\u00fcrfen vor oder nach dem Essen ausgepackt werden.Die Kinder d\u00fcrfen bzgl. der Zutaten f\u00fcr den Belag der Pizza vorher angeben, was<a class=\"read-more\" href=\"https:\/\/www.foerderverein-bc.de\/index.php\/2026\/07\/13\/word-2010-einsatz-im-bueroalltag-1816\/\">Weiterlesen<\/a><\/p>\n","protected":false},"author":3,"featured_media":0,"comment_status":"closed","ping_status":"closed","sticky":false,"template":"","format":"standard","meta":{"footnotes":""},"categories":[2,9],"tags":[],"class_list":["post-640","post","type-post","status-publish","format-standard","hentry","category-kurse","category-sonstige"],"_links":{"self":[{"href":"https:\/\/www.foerderverein-bc.de\/index.php\/wp-json\/wp\/v2\/posts\/640","targetHints":{"allow":["GET"]}}],"collection":[{"href":"https:\/\/www.foerderverein-bc.de\/index.php\/wp-json\/wp\/v2\/posts"}],"about":[{"href":"https:\/\/www.foerderverein-bc.de\/index.php\/wp-json\/wp\/v2\/types\/post"}],"author":[{"embeddable":true,"href":"https:\/\/www.foerderverein-bc.de\/index.php\/wp-json\/wp\/v2\/users\/3"}],"replies":[{"embeddable":true,"href":"https:\/\/www.foerderverein-bc.de\/index.php\/wp-json\/wp\/v2\/comments?post=640"}],"version-history":[{"count":19,"href":"https:\/\/www.foerderverein-bc.de\/index.php\/wp-json\/wp\/v2\/posts\/640\/revisions"}],"predecessor-version":[{"id":2639,"href":"https:\/\/www.foerderverein-bc.de\/index.php\/wp-json\/wp\/v2\/posts\/640\/revisions\/2639"}],"wp:attachment":[{"href":"https:\/\/www.foerderverein-bc.de\/index.php\/wp-json\/wp\/v2\/media?parent=640"}],"wp:term":[{"taxonomy":"category","embeddable":true,"href":"https:\/\/www.foerderverein-bc.de\/index.php\/wp-json\/wp\/v2\/categories?post=640"},{"taxonomy":"post_tag","embeddable":true,"href":"https:\/\/www.foerderverein-bc.de\/index.php\/wp-json\/wp\/v2\/tags?post=640"}],"curies":[{"name":"wp","href":"https:\/\/api.w.org\/{rel}","templated":true}]}}