{"id":598,"date":"2025-01-27T12:29:00","date_gmt":"2025-01-27T11:29:00","guid":{"rendered":"http:\/\/www.foerderverein-bc.de\/?p=598"},"modified":"2026-02-06T13:01:13","modified_gmt":"2026-02-06T12:01:13","slug":"gartendeko-stahl-und-stein-9340","status":"publish","type":"post","link":"https:\/\/www.foerderverein-bc.de\/index.php\/2025\/01\/27\/gartendeko-stahl-und-stein-9340\/","title":{"rendered":"Grundkurs Schwei\u00dfen  (2028)"},"content":{"rendered":"\n<h3 class=\"wp-block-heading\">Inhalt der Veranstaltung:<\/h3>\n\n\n\n<figure class=\"wp-block-table\"><table><tbody><tr><td>Folgende Kenntnisse werden vermittelt:<br>&#8211; Theoretische Grundlagen<br>&#8211; Einfache Nahtvarianten beim Autogen sowie Mag-Schwei\u00dfen<br>&#8211; Grundkenntnisse Hartl\u00f6ten<br><br>Bitte Arbeitskleidung oder alte Anziehsachen tragen. Wer m\u00f6chte, kann etwas zum Essen und Trinken<br>mitbringen.<\/td><\/tr><\/tbody><\/table><\/figure>\n\n\n\n<!--more-->\n\n\n\n<div class=\"wp-block-columns is-layout-flex wp-container-core-columns-is-layout-9d6595d7 wp-block-columns-is-layout-flex\">\n<div class=\"wp-block-column is-layout-flow wp-block-column-is-layout-flow\" style=\"flex-basis:100%\">\n<div class=\"wp-block-group\"><div class=\"wp-block-group__inner-container is-layout-constrained wp-block-group-is-layout-constrained\">\n<figure class=\"wp-block-table\"><table><tbody><tr><td class=\"has-text-align-center\" data-align=\"center\">Fortbildungsbereich<\/td><td class=\"has-text-align-left\" data-align=\"left\">Techn. Fachkurs<\/td><\/tr><tr><td class=\"has-text-align-center\" data-align=\"center\">Bezeichnung der Veranstaltung<\/td><td class=\"has-text-align-left\" data-align=\"left\">Grundkurs Schwei\u00dfen<\/td><\/tr><tr><td class=\"has-text-align-center\" data-align=\"center\">Kurs Nr.<\/td><td class=\"has-text-align-left\" data-align=\"left\">2028<\/td><\/tr><tr><td class=\"has-text-align-center\" data-align=\"center\">Referentin \/ Referent<\/td><td class=\"has-text-align-left\" data-align=\"left\">Armin Baur (Kfz.-Meister)<br>Lehrer der Beruflichen Schule Riedlingen<\/td><\/tr><tr><td class=\"has-text-align-center\" data-align=\"center\">Ziele \/ Zielgruppen<\/td><td class=\"has-text-align-left\" data-align=\"left\">Interessierte<\/td><\/tr><tr><td class=\"has-text-align-center\" data-align=\"center\">Voraussetzungen zur Teilnahme<\/td><td class=\"has-text-align-left\" data-align=\"left\">keine<\/td><\/tr><tr><td class=\"has-text-align-center\" data-align=\"center\">Dauer<\/td><td class=\"has-text-align-left\" data-align=\"left\">12 Unterrichtsstunden (2 Tage)<\/td><\/tr><tr><td class=\"has-text-align-center\" data-align=\"center\">Beginn \/ Ende<\/td><td class=\"has-text-align-left\" data-align=\"left\">Samstag, 09.05.2026<br>Samstag, 16.05.2026 <p>Unterrichtszeit: <\/p><p>Jeweils von <strong>09:30 Uhr bis 15:00 Uhr<\/strong><br>(inkl. 1 Std. Pause)<\/p><\/td><\/tr><tr><td class=\"has-text-align-center\" data-align=\"center\">Raum<\/td><td class=\"has-text-align-left\" data-align=\"left\">C 105 (Kfz.-Werkstatt) in der<br>Berufliche Schule Riedlingen<br>Zwiefalter Str. 50, 88499 Riedlingen<\/td><\/tr><tr><td class=\"has-text-align-center\" data-align=\"center\">Geb\u00fchr<\/td><td class=\"has-text-align-left\" data-align=\"left\">110 \u20ac<\/td><\/tr><\/tbody><\/table><\/figure>\n<\/div><\/div>\n<\/div>\n<\/div>\n\n\n\n\n<div class=\"wpcf7 no-js\" id=\"wpcf7-f87-o1\" lang=\"de-DE\" dir=\"ltr\" data-wpcf7-id=\"87\">\n<div class=\"screen-reader-response\"><p role=\"status\" aria-live=\"polite\" aria-atomic=\"true\"><\/p> <ul><\/ul><\/div>\n<form action=\"\/index.php\/wp-json\/wp\/v2\/posts\/598#wpcf7-f87-o1\" method=\"post\" class=\"wpcf7-form init wpcf7-acceptance-as-validation\" aria-label=\"Kontaktformular\" novalidate=\"novalidate\" data-status=\"init\">\n<fieldset class=\"hidden-fields-container\"><input type=\"hidden\" name=\"_wpcf7\" value=\"87\" \/><input type=\"hidden\" name=\"_wpcf7_version\" value=\"6.1.5\" \/><input type=\"hidden\" name=\"_wpcf7_locale\" value=\"de_DE\" \/><input type=\"hidden\" name=\"_wpcf7_unit_tag\" value=\"wpcf7-f87-o1\" \/><input type=\"hidden\" name=\"_wpcf7_container_post\" value=\"0\" \/><input type=\"hidden\" name=\"_wpcf7_posted_data_hash\" value=\"\" \/>\n<\/fieldset>\n<h2>Anmeldung\n<\/h2>\n<p>Nachname (Pflichtfeld)\n<\/p>\n<p><span class=\"wpcf7-form-control-wrap\" data-name=\"your-name\"><input size=\"40\" maxlength=\"400\" class=\"wpcf7-form-control wpcf7-text wpcf7-validates-as-required\" aria-required=\"true\" aria-invalid=\"false\" value=\"\" type=\"text\" name=\"your-name\" \/><\/span>\n<\/p>\n<p>Vorname (Pflichtfeld)\n<\/p>\n<p><span class=\"wpcf7-form-control-wrap\" data-name=\"vorname\"><input size=\"40\" maxlength=\"400\" class=\"wpcf7-form-control wpcf7-text wpcf7-validates-as-required\" aria-required=\"true\" aria-invalid=\"false\" value=\"\" type=\"text\" name=\"vorname\" \/><\/span>\n<\/p>\n<p>Stra\u00dfe und Hausnummer (Pflichtfeld)\n<\/p>\n<p><span class=\"wpcf7-form-control-wrap\" data-name=\"adresse\"><input size=\"40\" maxlength=\"400\" class=\"wpcf7-form-control wpcf7-text wpcf7-validates-as-required\" aria-required=\"true\" aria-invalid=\"false\" value=\"\" type=\"text\" name=\"adresse\" \/><\/span>\n<\/p>\n<p>Plz und Ort (Pflichtfeld)\n<\/p>\n<p><span class=\"wpcf7-form-control-wrap\" data-name=\"plz\"><input size=\"40\" maxlength=\"400\" class=\"wpcf7-form-control wpcf7-text wpcf7-validates-as-required\" aria-required=\"true\" aria-invalid=\"false\" value=\"\" type=\"text\" name=\"plz\" \/><\/span>\n<\/p>\n<p>Telefon (Pflichtfeld)\n<\/p>\n<p><span class=\"wpcf7-form-control-wrap\" data-name=\"telefon\"><input size=\"40\" maxlength=\"400\" class=\"wpcf7-form-control wpcf7-text wpcf7-validates-as-required\" aria-required=\"true\" aria-invalid=\"false\" value=\"\" type=\"text\" name=\"telefon\" \/><\/span>\n<\/p>\n<p>Geburtsdatum (Pflichtfeld)\n<\/p>\n<p><span class=\"wpcf7-form-control-wrap\" data-name=\"geburtsdatum\"><input size=\"40\" maxlength=\"400\" class=\"wpcf7-form-control wpcf7-text wpcf7-validates-as-required\" aria-required=\"true\" aria-invalid=\"false\" value=\"\" type=\"text\" name=\"geburtsdatum\" \/><\/span>\n<\/p>\n<p>Beruf (Pflichtfeld)\n<\/p>\n<p><span class=\"wpcf7-form-control-wrap\" data-name=\"beruf\"><input size=\"40\" maxlength=\"400\" class=\"wpcf7-form-control wpcf7-text wpcf7-validates-as-required\" aria-required=\"true\" aria-invalid=\"false\" value=\"\" type=\"text\" name=\"beruf\" \/><\/span>\n<\/p>\n<p>Aus versicherungsrechtlichen Gr\u00fcnden bitten wir um die Beantwortung folgender Frage:<br \/>\nErfolgt die Kursteilnahme auf Veranlassung des Arbeitgebers?\n<\/p>\n<p><span class=\"wpcf7-form-control-wrap\" data-name=\"arbeitgeber\"><span class=\"wpcf7-form-control wpcf7-radio\"><span class=\"wpcf7-list-item first\"><input type=\"radio\" name=\"arbeitgeber\" value=\"ja\" \/><span class=\"wpcf7-list-item-label\">ja<\/span><\/span><span class=\"wpcf7-list-item last\"><input type=\"radio\" name=\"arbeitgeber\" value=\"nein\" checked=\"checked\" \/><span class=\"wpcf7-list-item-label\">nein<\/span><\/span><\/span><\/span>\n<\/p>\n<p>Ihre E-Mail-Adresse (Pflichtfeld)\n<\/p>\n<p><span class=\"wpcf7-form-control-wrap\" data-name=\"your-email\"><input size=\"40\" maxlength=\"400\" class=\"wpcf7-form-control wpcf7-email wpcf7-validates-as-required wpcf7-text wpcf7-validates-as-email\" aria-required=\"true\" aria-invalid=\"false\" value=\"\" type=\"email\" name=\"your-email\" \/><\/span>\n<\/p>\n<p class=\"datenschutz\"><br \/>\n<span class=\"wpcf7-form-control-wrap\" data-name=\"agb\"><span class=\"wpcf7-form-control wpcf7-acceptance\"><span class=\"wpcf7-list-item\"><label><input type=\"checkbox\" name=\"agb\" value=\"1\" aria-invalid=\"false\" \/><span class=\"wpcf7-list-item-label\">Ich habe die <a href=\"http:\/\/www.foerderverein-bc.de\/index.php\/uber-uns\/teilnahmebedingungen\"\/>AGBs<\/a> gelesen und stimme diesen zu..<\/span><\/label><\/span><\/span><\/span>\n<\/p>\n<p><strong>Datenschutz<\/strong>\n<\/p>\n<p><span class=\"wpcf7-form-control-wrap\" data-name=\"dsgvo\"><span class=\"wpcf7-form-control wpcf7-acceptance\"><span class=\"wpcf7-list-item\"><label><input type=\"checkbox\" name=\"dsgvo\" value=\"1\" aria-invalid=\"false\" \/><span class=\"wpcf7-list-item-label\">Ich stimme zu, dass meine Angaben aus dem Kontaktformular zur Kursanmeldung erhoben und verarbeitet werden. Die Daten werden f\u00fcr 1 Jahre gespeichert oder auf Wunsch gel\u00f6scht.\n Hinweis: Sie k\u00f6nnen Ihre Einwilligung jederzeit f\u00fcr die Zukunft per E-Mail an Yvonne.Richter@kas-bc.de widerrufen. Detaillierte Informationen zum Umgang mit Nutzerdaten finden Sie in unserer \n<a href=\"http:\/\/www.foerderverein-bc.de\/index.php\/datenschutz\/datenschutzerklaerung\/\">\nDatenschutzerkl\u00e4rung<\/a>.<\/span><\/label><\/span><\/span><\/span>\n<\/p>\n<p><span class=\"wpcf7-form-control-wrap\" data-name=\"quiz-422\"><label><span class=\"wpcf7-quiz-label\">Wie hei\u00dft die PLZ von Biberach?<\/span> <input size=\"40\" class=\"wpcf7-form-control wpcf7-quiz\" autocomplete=\"off\" aria-required=\"true\" aria-invalid=\"false\" type=\"text\" name=\"quiz-422\" \/><\/label><input type=\"hidden\" name=\"_wpcf7_quiz_answer_quiz-422\" value=\"bb9fb9ee37d048040c25142cff583143\" \/><\/span>\n<\/p>\n<p><input class=\"wpcf7-form-control wpcf7-submit has-spinner\" type=\"submit\" value=\"Senden\" \/>\n<\/p><p style=\"display: none !important;\" class=\"akismet-fields-container\" data-prefix=\"_wpcf7_ak_\"><label>&#916;<textarea name=\"_wpcf7_ak_hp_textarea\" cols=\"45\" rows=\"8\" maxlength=\"100\"><\/textarea><\/label><input type=\"hidden\" id=\"ak_js_1\" name=\"_wpcf7_ak_js\" value=\"188\"\/><script>document.getElementById( \"ak_js_1\" ).setAttribute( \"value\", ( new Date() ).getTime() );<\/script><\/p><div class=\"wpcf7-response-output\" aria-hidden=\"true\"><\/div>\n<\/form>\n<\/div>\n\n","protected":false},"excerpt":{"rendered":"<p>Inhalt der Veranstaltung: Folgende Kenntnisse werden vermittelt:&#8211; Theoretische Grundlagen&#8211; Einfache Nahtvarianten beim Autogen sowie Mag-Schwei\u00dfen&#8211; Grundkenntnisse Hartl\u00f6ten Bitte Arbeitskleidung oder alte Anziehsachen tragen. Wer m\u00f6chte, kann etwas zum Essen und Trinkenmitbringen.<\/p>\n","protected":false},"author":3,"featured_media":2452,"comment_status":"closed","ping_status":"closed","sticky":false,"template":"","format":"standard","meta":{"footnotes":""},"categories":[2,6],"tags":[],"class_list":["post-598","post","type-post","status-publish","format-standard","has-post-thumbnail","hentry","category-kurse","category-technische-fachkurse"],"_links":{"self":[{"href":"https:\/\/www.foerderverein-bc.de\/index.php\/wp-json\/wp\/v2\/posts\/598","targetHints":{"allow":["GET"]}}],"collection":[{"href":"https:\/\/www.foerderverein-bc.de\/index.php\/wp-json\/wp\/v2\/posts"}],"about":[{"href":"https:\/\/www.foerderverein-bc.de\/index.php\/wp-json\/wp\/v2\/types\/post"}],"author":[{"embeddable":true,"href":"https:\/\/www.foerderverein-bc.de\/index.php\/wp-json\/wp\/v2\/users\/3"}],"replies":[{"embeddable":true,"href":"https:\/\/www.foerderverein-bc.de\/index.php\/wp-json\/wp\/v2\/comments?post=598"}],"version-history":[{"count":38,"href":"https:\/\/www.foerderverein-bc.de\/index.php\/wp-json\/wp\/v2\/posts\/598\/revisions"}],"predecessor-version":[{"id":2549,"href":"https:\/\/www.foerderverein-bc.de\/index.php\/wp-json\/wp\/v2\/posts\/598\/revisions\/2549"}],"wp:featuredmedia":[{"embeddable":true,"href":"https:\/\/www.foerderverein-bc.de\/index.php\/wp-json\/wp\/v2\/media\/2452"}],"wp:attachment":[{"href":"https:\/\/www.foerderverein-bc.de\/index.php\/wp-json\/wp\/v2\/media?parent=598"}],"wp:term":[{"taxonomy":"category","embeddable":true,"href":"https:\/\/www.foerderverein-bc.de\/index.php\/wp-json\/wp\/v2\/categories?post=598"},{"taxonomy":"post_tag","embeddable":true,"href":"https:\/\/www.foerderverein-bc.de\/index.php\/wp-json\/wp\/v2\/tags?post=598"}],"curies":[{"name":"wp","href":"https:\/\/api.w.org\/{rel}","templated":true}]}}