{"id":2607,"date":"2026-07-13T16:10:13","date_gmt":"2026-07-13T14:10:13","guid":{"rendered":"https:\/\/www.foerderverein-bc.de\/?p=2607"},"modified":"2026-07-17T15:40:25","modified_gmt":"2026-07-17T13:40:25","slug":"freies-erzaehlen-mit-einer-handpuppe-9613","status":"publish","type":"post","link":"https:\/\/www.foerderverein-bc.de\/index.php\/2026\/07\/13\/freies-erzaehlen-mit-einer-handpuppe-9613\/","title":{"rendered":"Freies Erz\u00e4hlen mit einer Handpuppe (9613)"},"content":{"rendered":"\n<p class=\"wp-block-paragraph\">In diesem Kurs probieren die Teilnehmer\/innen, mit der eigenen Handpuppe vertraut zu werden um sie dann im Dialog mit einer Kindergruppe einzusetzen. Zu Beginn w\u00e4rmen wir uns auf, spielen mit unserer Stimme und suchen so nach einer passenden Art, wie sich die Handpuppe ausdr\u00fccken k\u00f6nnte. Mit zunehmender Sicherheit \u00fcben die Teilnehmer\/innen dann das Erz\u00e4hlen einer improvisierten Geschichte, gemeinsam mit den Kindern.<\/p>\n\n\n\n<p class=\"wp-block-paragraph\">Bitte eine eigene Handpuppe, deren Mund sich bewegen l\u00e4sst, Schreibsachen und Gymnastikschuhe ( oder Noppensocken) mitbringen<\/p>\n\n\n\n<figure class=\"wp-block-table\"><table><tbody><tr><td>Fortbildungsbereich<\/td><td>Soziales<\/td><\/tr><tr><td>Bezeichnung der Veranstaltung<\/td><td>Freies Erz\u00e4hlen mit einer Handpuppe<\/td><\/tr><tr><td>Kurs Nr.<\/td><td>9613<\/td><\/tr><tr><td>Referentin \/ Referent<\/td><td>Johannes Fiederling<br>Theaterp\u00e4dagoge BuT<\/td><\/tr><tr><td>Ziele \/ Zielgruppen<\/td><td>Fachkr\u00e4fte in Kindertageseinrichtungen<\/td><\/tr><tr><td>Voraussetzungen zur Teilnahme<\/td><td>Fachkraft in Kindertageseinrichtungen<\/td><\/tr><tr><td>Dauer<\/td><td>1 Termin ( 3 Ustd.)<\/td><\/tr><tr><td>Termine:<\/td><td>Freitag, 26.02.2027<br>jeweils von 16:00 Uhr &#8211; 18:15 Uhr<\/td><\/tr><tr><td>Raum<\/td><td>143 der Matthias-Erzberger-Schule im Kreis-Berufsschulzentrum Biberach, <br>Leipzigstr. 11, 88400 Biberach<\/td><\/tr><tr><td>Geb\u00fchr<\/td><td>25 \u20ac<\/td><\/tr><tr><td>&nbsp;<\/td><\/tr><\/tbody><\/table><\/figure>\n\n\n\n<div class=\"wpcf7 no-js\" id=\"wpcf7-f87-o1\" lang=\"de-DE\" dir=\"ltr\" data-wpcf7-id=\"87\">\n<div class=\"screen-reader-response\"><p role=\"status\" aria-live=\"polite\" aria-atomic=\"true\"><\/p> <ul><\/ul><\/div>\n<form action=\"\/index.php\/wp-json\/wp\/v2\/posts\/2607#wpcf7-f87-o1\" method=\"post\" class=\"wpcf7-form init wpcf7-acceptance-as-validation\" aria-label=\"Kontaktformular\" novalidate=\"novalidate\" data-status=\"init\">\n<fieldset class=\"hidden-fields-container\"><input type=\"hidden\" name=\"_wpcf7\" value=\"87\" \/><input type=\"hidden\" name=\"_wpcf7_version\" value=\"6.1.6\" \/><input type=\"hidden\" name=\"_wpcf7_locale\" value=\"de_DE\" \/><input type=\"hidden\" name=\"_wpcf7_unit_tag\" value=\"wpcf7-f87-o1\" \/><input type=\"hidden\" name=\"_wpcf7_container_post\" value=\"0\" \/><input type=\"hidden\" name=\"_wpcf7_posted_data_hash\" value=\"\" \/>\n<\/fieldset>\n<h2>Anmeldung\n<\/h2>\n<p>Nachname (Pflichtfeld)\n<\/p>\n<p><span class=\"wpcf7-form-control-wrap\" data-name=\"your-name\"><input size=\"40\" maxlength=\"400\" class=\"wpcf7-form-control wpcf7-text wpcf7-validates-as-required\" aria-required=\"true\" aria-invalid=\"false\" value=\"\" type=\"text\" name=\"your-name\" \/><\/span>\n<\/p>\n<p>Vorname (Pflichtfeld)\n<\/p>\n<p><span class=\"wpcf7-form-control-wrap\" data-name=\"vorname\"><input size=\"40\" maxlength=\"400\" class=\"wpcf7-form-control wpcf7-text wpcf7-validates-as-required\" aria-required=\"true\" aria-invalid=\"false\" value=\"\" type=\"text\" name=\"vorname\" \/><\/span>\n<\/p>\n<p>Stra\u00dfe und Hausnummer (Pflichtfeld)\n<\/p>\n<p><span class=\"wpcf7-form-control-wrap\" data-name=\"adresse\"><input size=\"40\" maxlength=\"400\" class=\"wpcf7-form-control wpcf7-text wpcf7-validates-as-required\" aria-required=\"true\" aria-invalid=\"false\" value=\"\" type=\"text\" name=\"adresse\" \/><\/span>\n<\/p>\n<p>Plz und Ort (Pflichtfeld)\n<\/p>\n<p><span class=\"wpcf7-form-control-wrap\" data-name=\"plz\"><input size=\"40\" maxlength=\"400\" class=\"wpcf7-form-control wpcf7-text wpcf7-validates-as-required\" aria-required=\"true\" aria-invalid=\"false\" value=\"\" type=\"text\" name=\"plz\" \/><\/span>\n<\/p>\n<p>Telefon (Pflichtfeld)\n<\/p>\n<p><span class=\"wpcf7-form-control-wrap\" data-name=\"telefon\"><input size=\"40\" maxlength=\"400\" class=\"wpcf7-form-control wpcf7-text wpcf7-validates-as-required\" aria-required=\"true\" aria-invalid=\"false\" value=\"\" type=\"text\" name=\"telefon\" \/><\/span>\n<\/p>\n<p>Geburtsdatum (Pflichtfeld)\n<\/p>\n<p><span class=\"wpcf7-form-control-wrap\" data-name=\"geburtsdatum\"><input size=\"40\" maxlength=\"400\" class=\"wpcf7-form-control wpcf7-text wpcf7-validates-as-required\" aria-required=\"true\" aria-invalid=\"false\" value=\"\" type=\"text\" name=\"geburtsdatum\" \/><\/span>\n<\/p>\n<p>Beruf (Pflichtfeld)\n<\/p>\n<p><span class=\"wpcf7-form-control-wrap\" data-name=\"beruf\"><input size=\"40\" maxlength=\"400\" class=\"wpcf7-form-control wpcf7-text wpcf7-validates-as-required\" aria-required=\"true\" aria-invalid=\"false\" value=\"\" type=\"text\" name=\"beruf\" \/><\/span>\n<\/p>\n<p>Aus versicherungsrechtlichen Gr\u00fcnden bitten wir um die Beantwortung folgender Frage:<br \/>\nErfolgt die Kursteilnahme auf Veranlassung des Arbeitgebers?\n<\/p>\n<p><span class=\"wpcf7-form-control-wrap\" data-name=\"arbeitgeber\"><span class=\"wpcf7-form-control wpcf7-radio\"><span class=\"wpcf7-list-item first\"><input type=\"radio\" name=\"arbeitgeber\" value=\"ja\" \/><span class=\"wpcf7-list-item-label\">ja<\/span><\/span><span class=\"wpcf7-list-item last\"><input type=\"radio\" name=\"arbeitgeber\" value=\"nein\" checked=\"checked\" \/><span class=\"wpcf7-list-item-label\">nein<\/span><\/span><\/span><\/span>\n<\/p>\n<p>Ihre E-Mail-Adresse (Pflichtfeld)\n<\/p>\n<p><span class=\"wpcf7-form-control-wrap\" data-name=\"your-email\"><input size=\"40\" maxlength=\"400\" class=\"wpcf7-form-control wpcf7-email wpcf7-validates-as-required wpcf7-text wpcf7-validates-as-email\" aria-required=\"true\" aria-invalid=\"false\" value=\"\" type=\"email\" name=\"your-email\" \/><\/span>\n<\/p>\n<p class=\"datenschutz\"><br \/>\n<span class=\"wpcf7-form-control-wrap\" data-name=\"agb\"><span class=\"wpcf7-form-control wpcf7-acceptance\"><span class=\"wpcf7-list-item\"><label><input type=\"checkbox\" name=\"agb\" value=\"1\" aria-invalid=\"false\" \/><span class=\"wpcf7-list-item-label\">Ich habe die <a href=\"http:\/\/www.foerderverein-bc.de\/index.php\/uber-uns\/teilnahmebedingungen\"\/>AGBs<\/a> gelesen und stimme diesen zu..<\/span><\/label><\/span><\/span><\/span>\n<\/p>\n<p><strong>Datenschutz<\/strong>\n<\/p>\n<p><span class=\"wpcf7-form-control-wrap\" data-name=\"dsgvo\"><span class=\"wpcf7-form-control wpcf7-acceptance\"><span class=\"wpcf7-list-item\"><label><input type=\"checkbox\" name=\"dsgvo\" value=\"1\" aria-invalid=\"false\" \/><span class=\"wpcf7-list-item-label\">Ich stimme zu, dass meine Angaben aus dem Kontaktformular zur Kursanmeldung erhoben und verarbeitet werden. Die Daten werden f\u00fcr 1 Jahre gespeichert oder auf Wunsch gel\u00f6scht.\n Hinweis: Sie k\u00f6nnen Ihre Einwilligung jederzeit f\u00fcr die Zukunft per E-Mail an Yvonne.Richter@kas-bc.de widerrufen. Detaillierte Informationen zum Umgang mit Nutzerdaten finden Sie in unserer \n<a href=\"http:\/\/www.foerderverein-bc.de\/index.php\/datenschutz\/datenschutzerklaerung\/\">\nDatenschutzerkl\u00e4rung<\/a>.<\/span><\/label><\/span><\/span><\/span>\n<\/p>\n<p><span class=\"wpcf7-form-control-wrap\" data-name=\"quiz-422\"><label><span class=\"wpcf7-quiz-label\">Wie hei\u00dft die PLZ von Biberach?<\/span> <input size=\"40\" class=\"wpcf7-form-control wpcf7-quiz\" autocomplete=\"off\" aria-required=\"true\" aria-invalid=\"false\" type=\"text\" name=\"quiz-422\" \/><\/label><input type=\"hidden\" name=\"_wpcf7_quiz_answer_quiz-422\" value=\"bb9fb9ee37d048040c25142cff583143\" \/><\/span>\n<\/p>\n<p><input class=\"wpcf7-form-control wpcf7-submit has-spinner\" type=\"submit\" value=\"Senden\" \/>\n<\/p><p style=\"display: none !important;\" class=\"akismet-fields-container\" data-prefix=\"_wpcf7_ak_\"><label>&#916;<textarea name=\"_wpcf7_ak_hp_textarea\" cols=\"45\" rows=\"8\" maxlength=\"100\"><\/textarea><\/label><input type=\"hidden\" id=\"ak_js_1\" name=\"_wpcf7_ak_js\" value=\"227\"\/><script>\ndocument.getElementById( \"ak_js_1\" ).setAttribute( \"value\", ( new Date() ).getTime() );\n<\/script>\n<\/p><div class=\"wpcf7-response-output\" aria-hidden=\"true\"><\/div>\n<\/form>\n<\/div>\n\n","protected":false},"excerpt":{"rendered":"<p>In diesem Kurs probieren die Teilnehmer\/innen, mit der eigenen Handpuppe vertraut zu werden um sie dann im Dialog mit einer Kindergruppe einzusetzen. Zu Beginn w\u00e4rmen wir uns auf, spielen mit unserer Stimme und suchen so<a class=\"read-more\" href=\"https:\/\/www.foerderverein-bc.de\/index.php\/2026\/07\/13\/freies-erzaehlen-mit-einer-handpuppe-9613\/\">Weiterlesen<\/a><\/p>\n","protected":false},"author":3,"featured_media":0,"comment_status":"closed","ping_status":"closed","sticky":false,"template":"","format":"standard","meta":{"footnotes":""},"categories":[2,10],"tags":[],"class_list":["post-2607","post","type-post","status-publish","format-standard","hentry","category-kurse","category-soziales"],"_links":{"self":[{"href":"https:\/\/www.foerderverein-bc.de\/index.php\/wp-json\/wp\/v2\/posts\/2607","targetHints":{"allow":["GET"]}}],"collection":[{"href":"https:\/\/www.foerderverein-bc.de\/index.php\/wp-json\/wp\/v2\/posts"}],"about":[{"href":"https:\/\/www.foerderverein-bc.de\/index.php\/wp-json\/wp\/v2\/types\/post"}],"author":[{"embeddable":true,"href":"https:\/\/www.foerderverein-bc.de\/index.php\/wp-json\/wp\/v2\/users\/3"}],"replies":[{"embeddable":true,"href":"https:\/\/www.foerderverein-bc.de\/index.php\/wp-json\/wp\/v2\/comments?post=2607"}],"version-history":[{"count":4,"href":"https:\/\/www.foerderverein-bc.de\/index.php\/wp-json\/wp\/v2\/posts\/2607\/revisions"}],"predecessor-version":[{"id":2626,"href":"https:\/\/www.foerderverein-bc.de\/index.php\/wp-json\/wp\/v2\/posts\/2607\/revisions\/2626"}],"wp:attachment":[{"href":"https:\/\/www.foerderverein-bc.de\/index.php\/wp-json\/wp\/v2\/media?parent=2607"}],"wp:term":[{"taxonomy":"category","embeddable":true,"href":"https:\/\/www.foerderverein-bc.de\/index.php\/wp-json\/wp\/v2\/categories?post=2607"},{"taxonomy":"post_tag","embeddable":true,"href":"https:\/\/www.foerderverein-bc.de\/index.php\/wp-json\/wp\/v2\/tags?post=2607"}],"curies":[{"name":"wp","href":"https:\/\/api.w.org\/{rel}","templated":true}]}}